{"id":22177,"date":"2022-11-10T17:39:46","date_gmt":"2022-11-10T16:39:46","guid":{"rendered":"http:\/\/localhost:8888\/fac\/?p=22177"},"modified":"2026-03-12T15:30:38","modified_gmt":"2026-03-12T14:30:38","slug":"le-club-de-petanque-de-bannalec-se-developpe-et-accroit-le-nombre-de-ses-licencies","status":"publish","type":"post","link":"http:\/\/www.facileacomprendre.fr\/en\/le-club-de-petanque-de-bannalec-se-developpe-et-accroit-le-nombre-de-ses-licencies\/","title":{"rendered":"Le club de p\u00e9tanque de Bannalec se d\u00e9veloppe"},"content":{"rendered":"<p style=\"text-align: justify;\"><strong><em>Derni\u00e8rement, des passionn\u00e9s de la p\u00e9tanque se sont rencontr\u00e9s \u00e0 Finist\u00e8re o\u00f9 s\u2019est d\u00e9roul\u00e9 l\u2019assembl\u00e9e g\u00e9n\u00e9rale du club de p\u00e9tanque local de Bannalec. Les points abord\u00e9s concernaient non seulement les nouveaut\u00e9s au sein du club, mais \u00e9galement les retours suite \u00e0 la rencontre de Nationale 3.<\/em><\/strong><\/p>\n<p style=\"text-align: justify;\">C\u2019est dans la salle <span style=\"color: #0000ff;\"><strong>Ti Laouen<\/strong> <\/span>que tout s\u2019est pass\u00e9. Des passionn\u00e9s de la p\u00e9tanque ont cherch\u00e9 \u00e0 assister \u00e0 une AG. Il s\u2019agit, plus pr\u00e9cis\u00e9ment, du club de p\u00e9tanque de Bannalec qui se situe en Finist\u00e8re. Il faut noter que l\u2019adjoint du maire actuel, <span style=\"color: #ff0000;\"><strong>Sylvain Dubreuil<\/strong><\/span>, a honor\u00e9 de sa pr\u00e9sence l\u2019\u00e9v\u00e9nement qui s\u2019est tenu le troisi\u00e8me weekend du mois d\u2019octobre.<\/p>\n<h2 style=\"text-align: justify;\">Le nombre des licenci\u00e9s \u00e0 la hausse<\/h2>\n<p style=\"text-align: justify;\"><span style=\"color: #0000ff;\"><strong>76<\/strong><\/span>. Voici le nombre total de licenci\u00e9s qui sont d\u00e9sormais affili\u00e9s au club de p\u00e9tanque de Bannalec. Cela a \u00e9t\u00e9 \u00e9voqu\u00e9 lors de l\u2019assembl\u00e9e g\u00e9n\u00e9rale qui a pr\u00e9sid\u00e9 par le pr\u00e9sident m\u00eame du club : <span style=\"color: #ff0000;\"><strong>Didier Renevot<\/strong><\/span>. Celui-ci a, de ce pas, d\u00e9clar\u00e9 que l\u2019effectif des p\u00e9tanqueurs licenci\u00e9s s\u2019est stabilis\u00e9 et a pu atteindre 76 licenci\u00e9s au tota. Parmi tous les joueurs s\u00e9rieux, on retrouve <strong><em><span style=\"color: #0000ff;\">\u00ab\u00a014 femmes, dont deux minimes, un cadet et un junior\u00a0\u00bb<\/span>.<\/em><\/strong><\/p>\n<p style=\"text-align: justify;\">De plus, si l\u2019on jetait un \u0153il purement sportif, le club peut \u00eatre fier de ses r\u00e9sultats annuels. Il faut noter qu\u2019il dispose du <strong>\u00ab\u00a0<span style=\"color: #0000ff;\">titre de championnes du Finist\u00e8re dans la cat\u00e9gorie triplettes f\u00e9minines\u00a0<\/span>\u00bb<\/strong>. Les noms cit\u00e9s lors de cet \u00e9v\u00e9nement sont effectivement <span style=\"color: #ff0000;\"><strong>Sophie Pensec, Christine Caro et enfin, Magalie Gu\u00e9gen<\/strong><\/span>. Du c\u00f4t\u00e9 de la doublette mixte, le club de Bannalec a \u00e9t\u00e9 sacr\u00e9 vice-champion du Finist\u00e8re en doublettes mixtes gr\u00e2ce aux prouesses de <span style=\"color: #0000ff;\"><strong>S\u00e9bastien Le Gleut et Estelle Rivi\u00e8re<\/strong><\/span>.<\/p>\n<h2 style=\"text-align: justify;\">Des informations mises en exergue par le club de p\u00e9tanque de Bannalec<\/h2>\n<p style=\"text-align: justify;\">L\u2019\u00e9v\u00e9nement s\u2019est poursuivi par la pr\u00e9sentation du bilan financier de l\u2019entit\u00e9 par son actuelle tr\u00e9sori\u00e8re, <span style=\"color: #ff0000;\"><strong>Christine Maurin<\/strong><\/span>. Puis vint le moment de l\u2019annonce des plus grands programmes de la saison. Parmi ceux que les responsables du club soulignent, nous retrouvons par exemple <em>le loto qui se tiendra le 10 f\u00e9vrier 2023<\/em>. A cela viendra s\u2019ajouter deux comp\u00e9titions de p\u00e9tanque\u00a0: <span style=\"color: #ff0000;\"><em>le challenge Pascal-Rostren en date du 29 juillet et le tournoi r\u00e9gional de la commune, en date du 2 septembre 2023<\/em><\/span>.<\/p>\n<p style=\"text-align: justify;\">Il faut noter que les membres du club Bannalec ont brill\u00e9 de mille feux derni\u00e8rement. On notera la comp\u00e9tition en interne du samedi 22 octobre 2022. Si le concours a pu rassembler 25 pr\u00e9tendants au titre, c\u2019est <span style=\"color: #0000ff;\"><strong>Bernard Fauglas<\/strong><\/span> qui finit par remporter le titre. Une deuxi\u00e8me \u00e9dition de ce concours a eu lieu une semaine apr\u00e8s, c\u2019est-\u00e0-dire le <span style=\"color: #0000ff;\"><strong>samedi 29 octobre<\/strong> <\/span>\u00e0 partir de 14 heures. Bref, le club est v\u00e9ritablement en plein d\u00e9veloppement. Si vous \u00eates un adepte du sport de boule et que vous habitez la r\u00e9gion, sachez que b\u00e9n\u00e9ficier de la licence du club est toujours envisageable.<\/p>\n<p style=\"text-align: justify;\">N\u2019oublions pas aussi de jeter un \u0153il sur le championnat qui faisait se confronter des groupes de joueurs. Pour le cas de <span style=\"color: #ff0000;\"><strong>Bannalec 1<\/strong><\/span>, celui-ci a pu accueillir <span style=\"color: #0000ff;\"><strong>8 clubs list\u00e9s dans le groupe C<\/strong><\/span>. Cette Nationale 3 s\u2019est d\u00e9roul\u00e9 dans le <span style=\"color: #0000ff;\"><strong>boulodrome de Quimperl\u00e9<\/strong><\/span>. En ce qui concerne <span style=\"color: #ff0000;\"><strong>Bannalec 2<\/strong><\/span>, celle-ci s\u2019en sort <span style=\"color: #0000ff;\"><strong>victorieux<\/strong><\/span> dans la partie contre Combrit 2. L\u2019\u00e9quipe arrive \u00e0 un score de 30 contre 6 lors du championnat d\u00e9partemental 1. Ce r\u00e9sultat est bon, mais ne permettra malheureusement pas au club de Bannelec de remporter la premi\u00e8re position. Bannalec 2 devra alors se contenter de la <span style=\"color: #ff0000;\"><strong>troisi\u00e8me place<\/strong><\/span>.<\/p>","protected":false},"excerpt":{"rendered":"<p>Derni\u00e8rement, des passionn\u00e9s de la p\u00e9tanque se sont rencontr\u00e9s \u00e0 Finist\u00e8re o\u00f9 s\u2019est d\u00e9roul\u00e9 l\u2019assembl\u00e9e g\u00e9n\u00e9rale du club de p\u00e9tanque local de Bannalec. Les points abord\u00e9s concernaient non seulement les nouveaut\u00e9s au sein du club, mais \u00e9galement les retours suite \u00e0 la rencontre de Nationale 3. C\u2019est dans la salle Ti Laouen que tout s\u2019est &#8230; <a title=\"Le club de p\u00e9tanque de Bannalec se d\u00e9veloppe\" class=\"read-more\" href=\"http:\/\/www.facileacomprendre.fr\/en\/le-club-de-petanque-de-bannalec-se-developpe-et-accroit-le-nombre-de-ses-licencies\/\" aria-label=\"Read more about Le club de p\u00e9tanque de Bannalec se d\u00e9veloppe\">Read more<\/a><\/p>","protected":false},"author":4329,"featured_media":22178,"comment_status":"closed","ping_status":"closed","sticky":false,"template":"","format":"standard","meta":{"footnotes":""},"categories":[148],"tags":[],"class_list":["post-22177","post","type-post","status-publish","format-standard","has-post-thumbnail","hentry","category-actualites"],"_links":{"self":[{"href":"http:\/\/www.facileacomprendre.fr\/en\/wp-json\/wp\/v2\/posts\/22177","targetHints":{"allow":["GET"]}}],"collection":[{"href":"http:\/\/www.facileacomprendre.fr\/en\/wp-json\/wp\/v2\/posts"}],"about":[{"href":"http:\/\/www.facileacomprendre.fr\/en\/wp-json\/wp\/v2\/types\/post"}],"author":[{"embeddable":true,"href":"http:\/\/www.facileacomprendre.fr\/en\/wp-json\/wp\/v2\/users\/4329"}],"replies":[{"embeddable":true,"href":"http:\/\/www.facileacomprendre.fr\/en\/wp-json\/wp\/v2\/comments?post=22177"}],"version-history":[{"count":1,"href":"http:\/\/www.facileacomprendre.fr\/en\/wp-json\/wp\/v2\/posts\/22177\/revisions"}],"predecessor-version":[{"id":46113,"href":"http:\/\/www.facileacomprendre.fr\/en\/wp-json\/wp\/v2\/posts\/22177\/revisions\/46113"}],"wp:featuredmedia":[{"embeddable":true,"href":"http:\/\/www.facileacomprendre.fr\/en\/wp-json\/wp\/v2\/media\/22178"}],"wp:attachment":[{"href":"http:\/\/www.facileacomprendre.fr\/en\/wp-json\/wp\/v2\/media?parent=22177"}],"wp:term":[{"taxonomy":"category","embeddable":true,"href":"http:\/\/www.facileacomprendre.fr\/en\/wp-json\/wp\/v2\/categories?post=22177"},{"taxonomy":"post_tag","embeddable":true,"href":"http:\/\/www.facileacomprendre.fr\/en\/wp-json\/wp\/v2\/tags?post=22177"}],"curies":[{"name":"wp","href":"https:\/\/api.w.org\/{rel}","templated":true}]}}