{"id":22496,"date":"2022-12-08T17:46:40","date_gmt":"2022-12-08T16:46:40","guid":{"rendered":"http:\/\/localhost:8888\/fac\/?p=22496"},"modified":"2026-03-12T15:30:38","modified_gmt":"2026-03-12T14:30:38","slug":"national-de-petanque-de-brest-des-elites-du-championnat-deurope-dans-la-liste","status":"publish","type":"post","link":"http:\/\/www.facileacomprendre.fr\/en\/national-de-petanque-de-brest-des-elites-du-championnat-deurope-dans-la-liste\/","title":{"rendered":"National de p\u00e9tanque de Brest : des \u00e9lites du championnat d\u2019Europe dans la liste ?"},"content":{"rendered":"<p style=\"text-align: justify;\"><em>Le <strong><span style=\"color: #ff0000;\">National de P\u00e9tanque Brest 2022<\/span><\/strong> se tiendra du 2, 3 et 4 d\u00e9cembre \u00e0 Brest expo parc de Penfeld. Il s\u2019agit d\u2019un rendez-vous sportif du monde bouliste qui r\u00e9unira pr\u00e8s de 600 joueurs, dont plusieurs champions du monde et d\u2019Europe. On peut citer Dylan Rocher. C\u2019est pour cette raison le National de P\u00e9tanque de Brest attire des passionn\u00e9s venus de toute la France. Durant cette grande comp\u00e9tition de p\u00e9tanque, les comp\u00e9titeurs feront preuve de talent et de pr\u00e9cision. La Team P\u00e9tank, men\u00e9e par Cindy Peyrot et Flavien Sauvage, a aussi marqu\u00e9 l\u2019\u00e9v\u00e9nement. Avec un tel plateau, l\u2019ambiance \u00e9tait \u00e9lectrique et chaque partie disput\u00e9e avec intensit\u00e9. Ce tournoi confirme Brest comme un lieu incontournable pour les amateurs de p\u00e9tanque.<\/em><\/p>\n<h2 style=\"text-align: justify;\">La Team P\u00e9tank au grand complet ce samedi 3 d\u00e9cembre<\/h2>\n<p style=\"text-align: justify;\"><em>Cindy Peyrot et Flavien Sauvage<\/em>. Ces noms vous disent certainement quelque chose. Eh bien, ce sont<a href=\"https:\/\/www.facileacomprendre.fr\/en\/devenir-un-joueur-professionnel-de-petanque\/\" target=\"_blank\" rel=\"noopener\"> <span style=\"color: #0000ff;\"><strong>des joueurs professionnels <\/strong><\/span><\/a>qui ont \u00e9t\u00e9 connus lors des championnats d\u2019Europe de p\u00e9tanque. Ces deux p\u00e9tanqueurs de renom ont d\u00e9cid\u00e9 de porter haut les couleurs de l\u2019\u00e9quipe lorientaise <span style=\"color: #ff0000;\"><strong>Team P\u00e9tanque<\/strong><\/span>, aux c\u00f4t\u00e9s des <span style=\"color: #ff0000;\"><strong>42 boulistes<\/strong> <\/span>repr\u00e9sentants de l\u2019entit\u00e9. Ils ont ainsi d\u00e9montr\u00e9 leur talent lors du <span style=\"color: #0000ff;\"><strong>National de Brest du 3 d\u00e9cembre dernier<\/strong><\/span>.<\/p>\n<p style=\"text-align: justify;\">Flavien Sauvage et Cindy Peyrot sont deux anciens champions de la p\u00e9tanque en France. Ils ont ainsi d\u00e9cid\u00e9 de quitter Lorient ce 2 d\u00e9cembre pour participer \u00e0 une comp\u00e9tition de p\u00e9tanque pr\u00e8s de Brest. Il s\u2019agit bien du National de Brest qui a eu lieu ce samedi 3 d\u00e9cembre 2022. Lors de ce concours, <span style=\"color: #0000ff;\"><strong>les deux joueurs lorientais ont arbor\u00e9 les couleurs de la Team P\u00e9tank<\/strong><\/span>. Il s\u2019agit d\u2019une \u00e9quipe form\u00e9e d\u2019une quarantaine de joueurs de p\u00e9tanque d\u2019origine lorientaise. Cette Team P\u00e9tank est l\u2019\u0153uvre de <span style=\"color: #0000ff;\"><strong>Gildas Jul\u00e9<\/strong> <\/span>qui, bien qu\u2019il soit de Morbihan, <span style=\"color: #ff0000;\"><strong>va grossir, lui aussi, les rangs de l\u2019\u00e9quipe<\/strong><\/span>. On retrouvera \u00e9galement un <span style=\"color: #ff0000;\"><strong>ex-champion du monde de la p\u00e9tanque<\/strong><\/span>, \u00e0 savoir <span style=\"color: #0000ff;\"><strong>Christian Andriantseheno<\/strong><\/span>, le prodige malgache du sport de boules.<\/p>\n<h2 style=\"text-align: justify;\">Cindy Peyrot, vice-championne du monde de p\u00e9tanque 2021<\/h2>\n<p>Pour rappel, le monde de la p\u00e9tanque conna\u00eet bien le palmar\u00e8s de Cindy Peyrot. Il faut noter que cette jeune femme a tout de m\u00eame <span style=\"color: #ff0000;\"><strong>battu tout le monde<\/strong> <strong>lors des championnats d\u2019Europe de p\u00e9tanque de 2016<\/strong>. <strong>L\u2019ann\u00e9e derni\u00e8re<\/strong><\/span>, elle est plac\u00e9e au second rang, comme <span style=\"color: #0000ff;\"><strong>vice-championne<\/strong><\/span>, toujours lors du <span style=\"color: #0000ff;\"><strong><a style=\"color: #0000ff;\" href=\"https:\/\/www.facileacomprendre.fr\/en\/les-championnats-du-monde-de-petanque-en-espagne\/\" target=\"_blank\" rel=\"noopener\">Championnat du monde de triplette en Espagne<\/a><\/strong><\/span>. Provenant de Montpellier, celle-ci devient <span style=\"color: #0000ff;\"><strong>la rempla\u00e7ante du double vainqueur des Masters, Micka\u00ebl Bonetto<\/strong> <\/span>qui ne pouvait pas participer aux Championnats. C\u2019est donc chez la gente masculine que notre joueuse de talent participera. Comme elle le dit si bien\u00a0: <em>\u00ab\u00a0c\u2019est un challenge, et d\u2019ailleurs, c\u2019est toujours bien de se mesurer \u00e0 eux\u00a0\u00bb<\/em>.<\/p>\n<p style=\"text-align: justify;\">Tout comme notre jeune Montpellieraine, <span style=\"color: #0000ff;\"><strong>Flavien Sauvage<\/strong><\/span> fait lui aussi partie de la partie. Tout simplement parce qu\u2019on lui en a vant\u00e9 les m\u00e9rites, il est <span style=\"color: #ff0000;\"><strong>pr\u00eat \u00e0 se lancer dans l\u2019aventure au National de Brest<\/strong><\/span>. Pour rappel, celui-ci nous vient d\u2019<span style=\"color: #ff0000;\"><strong>Angers<\/strong><\/span>. Il a eu sa licence de p\u00e9tanque professionnelle \u00e0 Mayenne, \u00e0 <span style=\"color: #ff0000;\"><strong>Bonchamp<\/strong><\/span>. Celui-ci a ensuite particip\u00e9 au championnat d\u2019Europe espoir qui s\u2019est d\u00e9roul\u00e9 en Espagne le mois dernier. Comp\u00e9tition \u00e0 laquelle <span style=\"color: #0000ff;\"><strong>il obtient le titre de champion<\/strong><\/span>.<\/p>\n<p style=\"text-align: justify;\">C\u2019est avec l\u2019aide de <span style=\"color: #0000ff;\"><strong>Gildas Jul\u00e9<\/strong><\/span> que les deux participants de la <span style=\"color: #ff0000;\"><strong>Team P\u00e9tank<\/strong> <\/span>viendront d\u00e9fier tous les participants au National de p\u00e9tanque de Brest. Notons que de grands noms figurent parmi les joueurs inscrits. En tout cas, cela ne suffit pas \u00e0 d\u00e9motiver Cindy Peyrot. <em>\u00ab En tant que comp\u00e9titrice, l\u2019objectif, c&rsquo;est de gagner \u00bb dit-elle. \u00ab Au moins d\u2019atteindre les huiti\u00e8mes de finale, ce serait bien \u00bb<\/em> ajoute notre joueuse de p\u00e9tanque favorite.<\/p>\n<h2>Le National de p\u00e9tanque de Brest est une comp\u00e9tition \u00e0 ne pas rater<\/h2>\n<p style=\"text-align: justify;\">Pour terminer, il est certain qu\u2019avec ces belles brochettes de champions, le National de P\u00e9tanque de Brest 2022, offrira un spectacle passionnant. La team P\u00e9tank quant \u00e0 elle compte bien marquer les esprits avec la pr\u00e9sence de Cindy Peyrot et Flavien Sauvage. Chaque partie a \u00e9t\u00e9 disput\u00e9e avec engagement et d\u00e9termination. Comme dans toute <span style=\"color: #0000ff;\"><strong><a style=\"color: #0000ff;\" href=\"https:\/\/www.petanque-web.com\/fr\/7-boules-de-competitions\/\" target=\"_blank\" rel=\"noopener\">comp\u00e9tition<\/a><\/strong><\/span> de p\u00e9tanque digne de ce nom, les joueurs disputeront les parties avec engagement et d\u00e9termination. Cet \u00e9v\u00e9nement sportif promet une ambiance \u00e9lectrique qui fera vibrer le public pr\u00e9sent au parc de Penfeld. D\u2019autant plus que c\u2019est le seul National couvert en hiver en France. \u00c7a va tirer et pointer durant trois jours, pour le plus grand plaisir des fondus du cochonnet.<\/p>","protected":false},"excerpt":{"rendered":"<p>Le National de P\u00e9tanque Brest 2022 se tiendra du 2, 3 et 4 d\u00e9cembre \u00e0 Brest expo parc de Penfeld. Il s\u2019agit d\u2019un rendez-vous sportif du monde bouliste qui r\u00e9unira pr\u00e8s de 600 joueurs, dont plusieurs champions du monde et d\u2019Europe. On peut citer Dylan Rocher. C\u2019est pour cette raison le National de P\u00e9tanque de &#8230; <a title=\"National de p\u00e9tanque de Brest : des \u00e9lites du championnat d\u2019Europe dans la liste ?\" class=\"read-more\" href=\"http:\/\/www.facileacomprendre.fr\/en\/national-de-petanque-de-brest-des-elites-du-championnat-deurope-dans-la-liste\/\" aria-label=\"Read more about National de p\u00e9tanque de Brest : des \u00e9lites du championnat d\u2019Europe dans la liste ?\">Read more<\/a><\/p>","protected":false},"author":4329,"featured_media":22498,"comment_status":"closed","ping_status":"closed","sticky":false,"template":"","format":"standard","meta":{"footnotes":""},"categories":[148],"tags":[],"class_list":["post-22496","post","type-post","status-publish","format-standard","has-post-thumbnail","hentry","category-actualites"],"_links":{"self":[{"href":"http:\/\/www.facileacomprendre.fr\/en\/wp-json\/wp\/v2\/posts\/22496","targetHints":{"allow":["GET"]}}],"collection":[{"href":"http:\/\/www.facileacomprendre.fr\/en\/wp-json\/wp\/v2\/posts"}],"about":[{"href":"http:\/\/www.facileacomprendre.fr\/en\/wp-json\/wp\/v2\/types\/post"}],"author":[{"embeddable":true,"href":"http:\/\/www.facileacomprendre.fr\/en\/wp-json\/wp\/v2\/users\/4329"}],"replies":[{"embeddable":true,"href":"http:\/\/www.facileacomprendre.fr\/en\/wp-json\/wp\/v2\/comments?post=22496"}],"version-history":[{"count":1,"href":"http:\/\/www.facileacomprendre.fr\/en\/wp-json\/wp\/v2\/posts\/22496\/revisions"}],"predecessor-version":[{"id":46109,"href":"http:\/\/www.facileacomprendre.fr\/en\/wp-json\/wp\/v2\/posts\/22496\/revisions\/46109"}],"wp:featuredmedia":[{"embeddable":true,"href":"http:\/\/www.facileacomprendre.fr\/en\/wp-json\/wp\/v2\/media\/22498"}],"wp:attachment":[{"href":"http:\/\/www.facileacomprendre.fr\/en\/wp-json\/wp\/v2\/media?parent=22496"}],"wp:term":[{"taxonomy":"category","embeddable":true,"href":"http:\/\/www.facileacomprendre.fr\/en\/wp-json\/wp\/v2\/categories?post=22496"},{"taxonomy":"post_tag","embeddable":true,"href":"http:\/\/www.facileacomprendre.fr\/en\/wp-json\/wp\/v2\/tags?post=22496"}],"curies":[{"name":"wp","href":"https:\/\/api.w.org\/{rel}","templated":true}]}}