{"id":22768,"date":"2022-12-30T17:42:41","date_gmt":"2022-12-30T16:42:41","guid":{"rendered":"http:\/\/localhost:8888\/fac\/?p=22768"},"modified":"2023-01-05T14:30:12","modified_gmt":"2023-01-05T13:30:12","slug":"les-details-de-la-34e-edition-du-national-a-petanque-enfin-devoiles","status":"publish","type":"post","link":"https:\/\/www.facileacomprendre.fr\/en\/les-details-de-la-34e-edition-du-national-a-petanque-enfin-devoiles\/","title":{"rendered":"Les d\u00e9tails de la 34e \u00e9dition du National \u00e0 p\u00e9tanque enfin d\u00e9voil\u00e9s !"},"content":{"rendered":"<p style=\"text-align: justify;\"><strong><em>Les 18, 19 et 20 f\u00e9vrier. Voil\u00e0 les dates retenues pour l\u2019organisation du 34<sup>e<\/sup> National \u00e0 p\u00e9tanque qui aura lieu \u00e0 Cholet.<\/em><\/strong><\/p>\n<h2 style=\"text-align: justify;\">Le 34<sup>e<\/sup> National de p\u00e9tanque annonc\u00e9 il en d\u00e9but de l\u2019ann\u00e9e aura enfin lieu<\/h2>\n<p style=\"text-align: justify;\"><span style=\"color: #0000ff;\"><strong>L\u2019annonce du 34<sup>e<\/sup> national \u00e0 p\u00e9tanque<\/strong><\/span> a \u00e9t\u00e9 faite \u00e0 la fin de la c\u00e9r\u00e9monie de remerciement des b\u00e9n\u00e9voles qui ont permis l\u2019organisation de la 33<sup>e<\/sup> \u00e9dition. Cette journ\u00e9e a ainsi permis de d\u00e9couvrir <span style=\"color: #ff0000;\"><strong>le calendrier potentiel du 34<sup>e<\/sup> Championnat<\/strong><\/span>. Il faut noter que cet \u00e9v\u00e9nement avait du mal \u00e0 se poursuivre. Il a \u00e9t\u00e9 <span style=\"color: #0000ff;\"><strong>annul\u00e9<\/strong><\/span>, puis report\u00e9 <span style=\"color: #0000ff;\"><strong>faute de nombreuses d\u00e9cisions d\u2019instances en France<\/strong><\/span>.<\/p>\n<p style=\"text-align: justify;\">La tradition a voulu que les organisateurs mettent en place une sorte de rituel de remerciement pour tous ceux qui ont contribu\u00e9 \u00e0 la r\u00e9alisation effective du 33<sup>e<\/sup> national \u00e0 p\u00e9tanque. Pour rappel, cela s\u2019est concr\u00e9tis\u00e9 en septembre dernier, sept mois apr\u00e8s l\u2019appr\u00e9ciation de l\u2019\u00e9v\u00e9nement. Les b\u00e9n\u00e9voles ont ainsi \u00e9t\u00e9 convi\u00e9s \u00e0 un apr\u00e8s-midi jovial au <span style=\"color: #ff0000;\"><strong>Bois d\u2019Ouin<\/strong><\/span>, en date du <span style=\"color: #0000ff;\"><strong><em>9 septembre 2022<\/em><\/strong><\/span>.<\/p>\n<h2 style=\"text-align: justify;\">Une aventure enrichissante pour les 120 b\u00e9n\u00e9voles de la 33<sup>e<\/sup> \u00e9dition<\/h2>\n<p style=\"text-align: justify;\">Septembre dernier, les b\u00e9n\u00e9voles se sont r\u00e9unis suite \u00e0 l\u2019invitation des organisateurs du 33<sup>e<\/sup> national de p\u00e9tanque. L\u2019apr\u00e8s-midi a d\u00e9but\u00e9 par <span style=\"color: #ff0000;\"><strong>des parties de p\u00e9tanque<\/strong> <\/span>qui se sont disput\u00e9es. Cela s\u2019est ensuite poursuivi par <span style=\"color: #ff0000;\"><strong>un repas convivial<\/strong> <\/span><span style=\"text-decoration: line-through;\">partag\u00e9<\/span>, en guise de <span style=\"color: #0000ff;\"><strong>reconnaissance de leur bonne volont\u00e9<\/strong><\/span>. Car oui, sans les efforts fournis, il aurait \u00e9t\u00e9 difficile de concr\u00e9tiser ce projet.<\/p>\n<p style=\"text-align: justify;\">Puis, il ne faut pas noter <span style=\"color: #0000ff;\"><strong>les exigences concernant le pass vaccinal<\/strong> <\/span>qui ne laissaient pas les organisateurs de tout repos. Cette circonstance a requis <span style=\"color: #ff0000;\"><strong>25 personnes b\u00e9n\u00e9voles de plus<\/strong><\/span>. L\u2019ann\u00e9e derni\u00e8re, seuls 180 b\u00e9n\u00e9voles \u00e9taient sollicit\u00e9s. Malgr\u00e9 ces changements, <span style=\"color: #0000ff;\"><strong>tout s\u2019est d\u00e9roul\u00e9 sans encombre<\/strong><\/span>, et tout cela, gr\u00e2ce \u00e0 ces personnes bien intentionn\u00e9es, ce que fait remarquer <span style=\"color: #ff0000;\"><strong>Patrick Croizer<\/strong><\/span>.<\/p>\n<h2 style=\"text-align: justify;\">Fin du suspense sur la date de la 34<sup>e<\/sup> \u00e9dition du national \u00e0 p\u00e9tanque<\/h2>\n<p style=\"text-align: justify;\">En plus de l\u2019\u00e9v\u00e9nement qui a rassembl\u00e9 les b\u00e9n\u00e9voles de la p\u00e9tanque, septembre a \u00e9t\u00e9 <span style=\"color: #0000ff;\"><strong>un moment d\u00e9cisif<\/strong> <strong>pour la pr\u00e9paration du 34<sup>e<\/sup> national de p\u00e9tanque<\/strong><\/span>. Aux premiers abords, la date estim\u00e9e a \u00e9t\u00e9 <span style=\"color: #ff0000;\"><strong>du 9 au 12 f\u00e9vrier de l\u2019ann\u00e9e 2023<\/strong><\/span>. Toutefois, le doute planait encore sur la confirmation de cette date. D\u2019ailleurs, elle n\u2019a jamais \u00e9t\u00e9 officialis\u00e9e.<\/p>\n<p style=\"text-align: justify;\">Pourquoi le pr\u00e9sident n\u2019a-t-il jamais pu l\u2019afficher dans le calendrier des Nationaux\u00a0? Eh bien, la r\u00e9ponse est assez simple. Selon ce haut responsable, <span style=\"color: #ff0000;\"><strong>une modification des r\u00e8glements<\/strong> <\/span>a \u00e9t\u00e9 effectu\u00e9e r\u00e9cemment par la commission des Nationaux elle-m\u00eame. Cela a occasionn\u00e9 des <span style=\"color: #0000ff;\"><strong>modifications cons\u00e9quentes<\/strong><\/span>, notamment <span style=\"color: #0000ff;\"><strong>sur le plan financier<\/strong><\/span>. Les charges devenant trop \u00e9lev\u00e9es par rapport \u00e0 ce qui a \u00e9t\u00e9 pr\u00e9vu au d\u00e9but. Une manifestation s\u2019est alors tenue dans le but de contester ces dispositions nouvellement \u00e9mises. Il devient donc naturel de patienter, jusqu\u2019\u00e0 l\u2019\u00e9laboration d\u00e9finitive du cahier des charges avant de se lancer dans un projet d\u2019une telle envergure.<\/p>\n<p style=\"text-align: justify;\">Fort heureusement, <span style=\"color: #ff0000;\"><strong>cette date du 9 au 12 f\u00e9vrier 2023 a finalement \u00e9t\u00e9 maintenue<\/strong><\/span>. Elle se tiendra \u00e0 Cholet, et pour \u00eatre plus pr\u00e9cis, <span style=\"color: #0000ff;\"><strong>au parc-expo de la Meilleraie<\/strong><\/span>. Suite aux travaux de communications r\u00e9alis\u00e9es, on s\u2019attend \u00e0 ce qu\u2019il y ait en moyenne <span style=\"color: #ff0000;\"><strong>4\u00a0200 boulistes<\/strong> <\/span>participant \u00e0 l\u2019\u00e9v\u00e9nement. Si cela vous int\u00e9resse, sachez que les inscriptions sont maintenant en cours. C\u2019est un excellent moyen pour tester ce que vous valez \u00e0 la p\u00e9tanque\u00a0!<\/p>","protected":false},"excerpt":{"rendered":"<p>Les 18, 19 et 20 f\u00e9vrier. Voil\u00e0 les dates retenues pour l\u2019organisation du 34e National \u00e0 p\u00e9tanque qui aura lieu \u00e0 Cholet. Le 34e National de p\u00e9tanque annonc\u00e9 il en d\u00e9but de l\u2019ann\u00e9e aura enfin lieu L\u2019annonce du 34e national \u00e0 p\u00e9tanque a \u00e9t\u00e9 faite \u00e0 la fin de la c\u00e9r\u00e9monie de remerciement des b\u00e9n\u00e9voles &#8230; <a title=\"Les d\u00e9tails de la 34e \u00e9dition du National \u00e0 p\u00e9tanque enfin d\u00e9voil\u00e9s !\" class=\"read-more\" href=\"https:\/\/www.facileacomprendre.fr\/en\/les-details-de-la-34e-edition-du-national-a-petanque-enfin-devoiles\/\" aria-label=\"Read more about Les d\u00e9tails de la 34e \u00e9dition du National \u00e0 p\u00e9tanque enfin d\u00e9voil\u00e9s !\">Read more<\/a><\/p>","protected":false},"author":4329,"featured_media":22771,"comment_status":"closed","ping_status":"closed","sticky":false,"template":"","format":"standard","meta":{"footnotes":""},"categories":[148],"tags":[],"class_list":["post-22768","post","type-post","status-publish","format-standard","has-post-thumbnail","hentry","category-actualites"],"_links":{"self":[{"href":"https:\/\/www.facileacomprendre.fr\/en\/wp-json\/wp\/v2\/posts\/22768","targetHints":{"allow":["GET"]}}],"collection":[{"href":"https:\/\/www.facileacomprendre.fr\/en\/wp-json\/wp\/v2\/posts"}],"about":[{"href":"https:\/\/www.facileacomprendre.fr\/en\/wp-json\/wp\/v2\/types\/post"}],"author":[{"embeddable":true,"href":"https:\/\/www.facileacomprendre.fr\/en\/wp-json\/wp\/v2\/users\/4329"}],"replies":[{"embeddable":true,"href":"https:\/\/www.facileacomprendre.fr\/en\/wp-json\/wp\/v2\/comments?post=22768"}],"version-history":[{"count":0,"href":"https:\/\/www.facileacomprendre.fr\/en\/wp-json\/wp\/v2\/posts\/22768\/revisions"}],"wp:featuredmedia":[{"embeddable":true,"href":"https:\/\/www.facileacomprendre.fr\/en\/wp-json\/wp\/v2\/media\/22771"}],"wp:attachment":[{"href":"https:\/\/www.facileacomprendre.fr\/en\/wp-json\/wp\/v2\/media?parent=22768"}],"wp:term":[{"taxonomy":"category","embeddable":true,"href":"https:\/\/www.facileacomprendre.fr\/en\/wp-json\/wp\/v2\/categories?post=22768"},{"taxonomy":"post_tag","embeddable":true,"href":"https:\/\/www.facileacomprendre.fr\/en\/wp-json\/wp\/v2\/tags?post=22768"}],"curies":[{"name":"wp","href":"https:\/\/api.w.org\/{rel}","templated":true}]}}